{"id":628,"date":"2019-12-30T10:04:34","date_gmt":"2019-12-30T10:04:34","guid":{"rendered":"http:\/\/www.parkourbilbao.com\/?p=628"},"modified":"2022-01-02T00:16:47","modified_gmt":"2022-01-02T00:16:47","slug":"talleres-matiko-ene-2020","status":"publish","type":"post","link":"http:\/\/www.parkourbilbao.com\/?p=628","title":{"rendered":"Talleres Matiko &#8211; Ene\/2020"},"content":{"rendered":"\n<div class=\"wp-block-image\"><figure class=\"aligncenter is-resized\"><img decoding=\"async\" loading=\"lazy\" src=\"http:\/\/www.parkourbilbao.com\/wp-content\/uploads\/2019\/12\/Taller-Parkour-MATIKO-241x300.jpg\" alt=\"\" class=\"wp-image-629\" width=\"445\" height=\"554\" srcset=\"http:\/\/www.parkourbilbao.com\/wp-content\/uploads\/2019\/12\/Taller-Parkour-MATIKO-241x300.jpg 241w, http:\/\/www.parkourbilbao.com\/wp-content\/uploads\/2019\/12\/Taller-Parkour-MATIKO-768x956.jpg 768w, http:\/\/www.parkourbilbao.com\/wp-content\/uploads\/2019\/12\/Taller-Parkour-MATIKO-822x1024.jpg 822w, http:\/\/www.parkourbilbao.com\/wp-content\/uploads\/2019\/12\/Taller-Parkour-MATIKO-48x60.jpg 48w, http:\/\/www.parkourbilbao.com\/wp-content\/uploads\/2019\/12\/Taller-Parkour-MATIKO.jpg 1080w\" sizes=\"(max-width: 445px) 100vw, 445px\" \/><\/figure><\/div>\n\n\n\n<p> \ud83d\udd25 \u00a1El primer entrenamiento del a\u00f1o ya tiene fecha! \ud83d\udcaa  <\/p>\n\n\n\n<p>Aprovechando la apertura del nuevo \u00e1rea de Parkour en Matiko, no se nos ocurre mejor lugar para llevar a cabo un entrenamiento todos juntos. Adem\u00e1s, si quieres iniciarte en Parkour, tienes la oportunidad de hacerlo con un taller de Iniciaci\u00f3n. <\/p>\n\n\n\n<p>Recordad que, los menores de 18 a\u00f1os deber\u00e1n traer firmada la siguiente autorizaci\u00f3n: <\/p>\n\n\n\n<p><a href=\"https:\/\/drive.google.com\/open?id=1t_oRr9NjbrPVwCeznwKIJQE_OtK0nELe\">https:\/\/drive.google.com\/open?id=1t_oRr9NjbrPVwCeznwKIJQE_OtK0nELe<\/a><\/p>\n\n\n\n<p>\u00a1Os esperamos a todos! \ud83d\ude09\ud83d\udcaa<\/p>\n","protected":false},"excerpt":{"rendered":"<p>\ud83d\udd25 \u00a1El primer entrenamiento del a\u00f1o ya tiene fecha! \ud83d\udcaa Aprovechando la apertura del nuevo \u00e1rea de Parkour en Matiko, no se nos ocurre mejor lugar para llevar a cabo un entrenamiento todos juntos. Adem\u00e1s, si quieres iniciarte en Parkour, tienes la oportunidad de hacerlo con un taller de Iniciaci\u00f3n. Recordad que, los menores de &hellip; <\/p>\n","protected":false},"author":1,"featured_media":830,"comment_status":"open","ping_status":"open","sticky":false,"template":"","format":"standard","meta":{"footnotes":""},"categories":[4],"tags":[],"jetpack_featured_media_url":"http:\/\/www.parkourbilbao.com\/wp-content\/uploads\/2020\/12\/Matiko-Web.jpg","_links":{"self":[{"href":"http:\/\/www.parkourbilbao.com\/index.php?rest_route=\/wp\/v2\/posts\/628"}],"collection":[{"href":"http:\/\/www.parkourbilbao.com\/index.php?rest_route=\/wp\/v2\/posts"}],"about":[{"href":"http:\/\/www.parkourbilbao.com\/index.php?rest_route=\/wp\/v2\/types\/post"}],"author":[{"embeddable":true,"href":"http:\/\/www.parkourbilbao.com\/index.php?rest_route=\/wp\/v2\/users\/1"}],"replies":[{"embeddable":true,"href":"http:\/\/www.parkourbilbao.com\/index.php?rest_route=%2Fwp%2Fv2%2Fcomments&post=628"}],"version-history":[{"count":5,"href":"http:\/\/www.parkourbilbao.com\/index.php?rest_route=\/wp\/v2\/posts\/628\/revisions"}],"predecessor-version":[{"id":634,"href":"http:\/\/www.parkourbilbao.com\/index.php?rest_route=\/wp\/v2\/posts\/628\/revisions\/634"}],"wp:featuredmedia":[{"embeddable":true,"href":"http:\/\/www.parkourbilbao.com\/index.php?rest_route=\/wp\/v2\/media\/830"}],"wp:attachment":[{"href":"http:\/\/www.parkourbilbao.com\/index.php?rest_route=%2Fwp%2Fv2%2Fmedia&parent=628"}],"wp:term":[{"taxonomy":"category","embeddable":true,"href":"http:\/\/www.parkourbilbao.com\/index.php?rest_route=%2Fwp%2Fv2%2Fcategories&post=628"},{"taxonomy":"post_tag","embeddable":true,"href":"http:\/\/www.parkourbilbao.com\/index.php?rest_route=%2Fwp%2Fv2%2Ftags&post=628"}],"curies":[{"name":"wp","href":"https:\/\/api.w.org\/{rel}","templated":true}]}}